{"id":1086,"date":"2026-03-13T00:01:00","date_gmt":"2026-03-12T23:01:00","guid":{"rendered":"http:\/\/gedenk.jahr.center\/?p=1086"},"modified":"2026-02-26T14:32:43","modified_gmt":"2026-02-26T13:32:43","slug":"2-fastensonntag-3","status":"publish","type":"post","link":"https:\/\/gedenk.jahr.center\/index.php\/2026\/03\/13\/2-fastensonntag-3\/","title":{"rendered":"Selige Judith"},"content":{"rendered":"<p><a href=\"https:\/\/gedenk.jahr.center\/wp-content\/uploads\/2016\/03\/201px-RosM.jpg\"><img loading=\"lazy\" decoding=\"async\" class=\"alignnone wp-image-1298\" src=\"https:\/\/gedenk.jahr.center\/wp-content\/uploads\/2016\/03\/201px-RosM.jpg\" alt=\"201px-RosM\" width=\"176\" height=\"524\" srcset=\"https:\/\/gedenk.jahr.center\/wp-content\/uploads\/2016\/03\/201px-RosM.jpg 201w, https:\/\/gedenk.jahr.center\/wp-content\/uploads\/2016\/03\/201px-RosM-32x96.jpg 32w\" sizes=\"auto, (max-width: 176px) 100vw, 176px\" \/><\/a><\/p>\n<p>\u2022 Ein wichtiges Tagesereignis: Fatimatag &#8211; Tag der Rosa Mystica<br \/>\n4. Tag der <a href=\"https:\/\/ecclesiae.de\/blog\/?page_id=10491&amp;fbclid=IwAR1C-MDGO_YdkpyF19E0F_3kQr4QgNJ6nMcKfcVCcmqCTOR0dH6vnhRr2Go\">Novene zum heiligen Josef<\/a><\/p>\n<p>\u2022 <a href=\"https:\/\/ecclesiae.de\/blog\/?p=6317\">Ein Wort zum Tage<\/a><br \/>\n\u2022 Liturgische Texte (Stundengebet <a href=\"http:\/\/vulgata.info\/index.php?title=Kategorie:Stundenbuch:Fastenzeit:1.Woche:Freitag\">3. Fastenwoche Freitag<\/a>)<\/p>\n<p>&nbsp;<\/p>\n<p>&#8222;Wenn etwas in Erf\u00fcllung geht, was man lange beharrlich erbetet hat, so ist es immer fast noch \u00fcberw\u00e4ltigender<br \/>\nals eine sofortige Erh\u00f6rung.&#8220; (<em>Edith Stein<\/em>)<\/p>\n","protected":false},"excerpt":{"rendered":"<p>\u2022 Ein wichtiges Tagesereignis: Fatimatag &#8211; Tag der Rosa Mystica 4. Tag der Novene zum heiligen Josef \u2022 Ein Wort zum Tage \u2022 Liturgische Texte (Stundengebet 3. Fastenwoche Freitag) &nbsp; &#8222;Wenn etwas in Erf\u00fcllung geht, was man lange beharrlich erbetet hat, so ist es immer fast noch \u00fcberw\u00e4ltigender als eine sofortige Erh\u00f6rung.&#8220; (Edith Stein)<\/p>\n","protected":false},"author":2,"featured_media":0,"comment_status":"open","ping_status":"closed","sticky":false,"template":"","format":"standard","meta":{"footnotes":""},"categories":[53,48],"tags":[],"class_list":["post-1086","post","type-post","status-publish","format-standard","hentry","category-aebtissin","category-fastenzeit","has-post-thumbnail"],"_links":{"self":[{"href":"https:\/\/gedenk.jahr.center\/index.php\/wp-json\/wp\/v2\/posts\/1086","targetHints":{"allow":["GET"]}}],"collection":[{"href":"https:\/\/gedenk.jahr.center\/index.php\/wp-json\/wp\/v2\/posts"}],"about":[{"href":"https:\/\/gedenk.jahr.center\/index.php\/wp-json\/wp\/v2\/types\/post"}],"author":[{"embeddable":true,"href":"https:\/\/gedenk.jahr.center\/index.php\/wp-json\/wp\/v2\/users\/2"}],"replies":[{"embeddable":true,"href":"https:\/\/gedenk.jahr.center\/index.php\/wp-json\/wp\/v2\/comments?post=1086"}],"version-history":[{"count":28,"href":"https:\/\/gedenk.jahr.center\/index.php\/wp-json\/wp\/v2\/posts\/1086\/revisions"}],"predecessor-version":[{"id":10442,"href":"https:\/\/gedenk.jahr.center\/index.php\/wp-json\/wp\/v2\/posts\/1086\/revisions\/10442"}],"wp:attachment":[{"href":"https:\/\/gedenk.jahr.center\/index.php\/wp-json\/wp\/v2\/media?parent=1086"}],"wp:term":[{"taxonomy":"category","embeddable":true,"href":"https:\/\/gedenk.jahr.center\/index.php\/wp-json\/wp\/v2\/categories?post=1086"},{"taxonomy":"post_tag","embeddable":true,"href":"https:\/\/gedenk.jahr.center\/index.php\/wp-json\/wp\/v2\/tags?post=1086"}],"curies":[{"name":"wp","href":"https:\/\/api.w.org\/{rel}","templated":true}]}}