{"id":1088,"date":"2026-03-14T00:01:00","date_gmt":"2026-03-13T23:01:00","guid":{"rendered":"http:\/\/gedenk.jahr.center\/?p=1088"},"modified":"2026-02-26T16:55:07","modified_gmt":"2026-02-26T15:55:07","slug":"heilige-mathilde","status":"publish","type":"post","link":"https:\/\/gedenk.jahr.center\/index.php\/2026\/03\/14\/heilige-mathilde\/","title":{"rendered":"Heilige Mathilde"},"content":{"rendered":"<figure id=\"attachment_1089\" aria-describedby=\"caption-attachment-1089\" style=\"width: 348px\" class=\"wp-caption alignnone\"><a href=\"https:\/\/gedenk.jahr.center\/wp-content\/uploads\/2016\/01\/Mathilde.jpg\"><img loading=\"lazy\" decoding=\"async\" class=\"size-full wp-image-1089\" src=\"https:\/\/gedenk.jahr.center\/wp-content\/uploads\/2016\/01\/Mathilde.jpg\" alt=\"Q.: Joachim Sch\u00e4fer - \u00d6kumenisches Heiligenlexikon\" width=\"348\" height=\"261\" srcset=\"https:\/\/gedenk.jahr.center\/wp-content\/uploads\/2016\/01\/Mathilde.jpg 348w, https:\/\/gedenk.jahr.center\/wp-content\/uploads\/2016\/01\/Mathilde-300x225.jpg 300w, https:\/\/gedenk.jahr.center\/wp-content\/uploads\/2016\/01\/Mathilde-128x96.jpg 128w\" sizes=\"auto, (max-width: 348px) 100vw, 348px\" \/><\/a><figcaption id=\"caption-attachment-1089\" class=\"wp-caption-text\">Q.: Joachim Sch\u00e4fer &#8211; <a href=\"https:\/\/www.heiligenlexikon.de\">\u00d6kumenisches Heiligenlexikon<\/a><\/figcaption><\/figure>\n<p>\u2022 Ein wichtiges Tagesereignis: 5. Tag der <a href=\"https:\/\/ecclesiae.de\/blog\/?page_id=10491&amp;fbclid=IwAR1C-MDGO_YdkpyF19E0F_3kQr4QgNJ6nMcKfcVCcmqCTOR0dH6vnhRr2Go\">Novene zum heiligen Josef<\/a><br \/>\n\u2022 <a href=\"https:\/\/ecclesiae.de\/blog\/?p=6319\">Ein Wort zum Tage<\/a><br \/>\n\u2022 Liturgische Texte (Stundengebet <a href=\"http:\/\/vulgata.info\/index.php?title=Kategorie:Stundenbuch:Fastenzeit:1.Woche:Samstag\">3. Fastenwoche Samstag <\/a>oder hl. <a href=\"http:\/\/vulgata.info\/index.php?title=Mathilde\">Mathilde<\/a>)<\/p>\n<ul>\n<li>F\u00fcr die Junggebliebenen: <a href=\"https:\/\/kleiner-ritter-der-unbefleckten.de\/?p=183\">Der Kreuzweg<\/a><\/li>\n<\/ul>\n<p>&#8222;Wir alle, wenn wir beten, sind Bettler Gottes. Wir stehen vor der T\u00fcr des gro\u00dfen Hausvaters und wollen etwas bekommen. Und dieses \u201eEtwas\u201c ist Gott selbst.&#8220; (<em>Hl. Augustinus<\/em>)<\/p>\n","protected":false},"excerpt":{"rendered":"<p>\u2022 Ein wichtiges Tagesereignis: 5. Tag der Novene zum heiligen Josef \u2022 Ein Wort zum Tage \u2022 Liturgische Texte (Stundengebet 3. Fastenwoche Samstag oder hl. Mathilde) F\u00fcr die Junggebliebenen: Der Kreuzweg &#8222;Wir alle, wenn wir beten, sind Bettler Gottes. Wir stehen vor der T\u00fcr des gro\u00dfen Hausvaters und wollen etwas bekommen. Und dieses \u201eEtwas\u201c ist [&hellip;]<\/p>\n","protected":false},"author":2,"featured_media":0,"comment_status":"open","ping_status":"closed","sticky":false,"template":"","format":"standard","meta":{"footnotes":""},"categories":[8],"tags":[],"class_list":["post-1088","post","type-post","status-publish","format-standard","hentry","category-ordensgruenderin","has-post-thumbnail"],"_links":{"self":[{"href":"https:\/\/gedenk.jahr.center\/index.php\/wp-json\/wp\/v2\/posts\/1088","targetHints":{"allow":["GET"]}}],"collection":[{"href":"https:\/\/gedenk.jahr.center\/index.php\/wp-json\/wp\/v2\/posts"}],"about":[{"href":"https:\/\/gedenk.jahr.center\/index.php\/wp-json\/wp\/v2\/types\/post"}],"author":[{"embeddable":true,"href":"https:\/\/gedenk.jahr.center\/index.php\/wp-json\/wp\/v2\/users\/2"}],"replies":[{"embeddable":true,"href":"https:\/\/gedenk.jahr.center\/index.php\/wp-json\/wp\/v2\/comments?post=1088"}],"version-history":[{"count":25,"href":"https:\/\/gedenk.jahr.center\/index.php\/wp-json\/wp\/v2\/posts\/1088\/revisions"}],"predecessor-version":[{"id":10454,"href":"https:\/\/gedenk.jahr.center\/index.php\/wp-json\/wp\/v2\/posts\/1088\/revisions\/10454"}],"wp:attachment":[{"href":"https:\/\/gedenk.jahr.center\/index.php\/wp-json\/wp\/v2\/media?parent=1088"}],"wp:term":[{"taxonomy":"category","embeddable":true,"href":"https:\/\/gedenk.jahr.center\/index.php\/wp-json\/wp\/v2\/categories?post=1088"},{"taxonomy":"post_tag","embeddable":true,"href":"https:\/\/gedenk.jahr.center\/index.php\/wp-json\/wp\/v2\/tags?post=1088"}],"curies":[{"name":"wp","href":"https:\/\/api.w.org\/{rel}","templated":true}]}}