{"id":1092,"date":"2026-03-15T00:01:00","date_gmt":"2026-03-14T23:01:00","guid":{"rendered":"http:\/\/gedenk.jahr.center\/?p=1092"},"modified":"2026-02-26T16:56:44","modified_gmt":"2026-02-26T15:56:44","slug":"heiliger-klemens-maria-hofbauer","status":"publish","type":"post","link":"https:\/\/gedenk.jahr.center\/index.php\/2026\/03\/15\/heiliger-klemens-maria-hofbauer\/","title":{"rendered":"Heiliger Klemens Maria Hofbauer"},"content":{"rendered":"<figure id=\"attachment_1093\" aria-describedby=\"caption-attachment-1093\" style=\"width: 449px\" class=\"wp-caption alignnone\"><a href=\"https:\/\/gedenk.jahr.center\/wp-content\/uploads\/2016\/01\/Klemens_Maria_Hofbauer.jpg\"><img loading=\"lazy\" decoding=\"async\" class=\" wp-image-1093\" src=\"https:\/\/gedenk.jahr.center\/wp-content\/uploads\/2016\/01\/Klemens_Maria_Hofbauer-620x880.jpg\" alt=\"Q.: Joachim Sch\u00e4fer - \u00d6kumenisches Heiligenlexikon\" width=\"449\" height=\"637\" srcset=\"https:\/\/gedenk.jahr.center\/wp-content\/uploads\/2016\/01\/Klemens_Maria_Hofbauer-620x880.jpg 620w, https:\/\/gedenk.jahr.center\/wp-content\/uploads\/2016\/01\/Klemens_Maria_Hofbauer-300x426.jpg 300w, https:\/\/gedenk.jahr.center\/wp-content\/uploads\/2016\/01\/Klemens_Maria_Hofbauer-940x1334.jpg 940w, https:\/\/gedenk.jahr.center\/wp-content\/uploads\/2016\/01\/Klemens_Maria_Hofbauer-68x96.jpg 68w, https:\/\/gedenk.jahr.center\/wp-content\/uploads\/2016\/01\/Klemens_Maria_Hofbauer.jpg 1420w\" sizes=\"auto, (max-width: 449px) 100vw, 449px\" \/><\/a><figcaption id=\"caption-attachment-1093\" class=\"wp-caption-text\">Q.: Joachim Sch\u00e4fer &#8211; <a href=\"https:\/\/www.heiligenlexikon.de\">\u00d6kumenisches Heiligenlexikon<\/a><\/figcaption><\/figure>\n<p>\u2022 Ein wichtiges Tagesereignis: 6. Tag der <a href=\"https:\/\/ecclesiae.de\/blog\/?page_id=10491&amp;fbclid=IwAR1C-MDGO_YdkpyF19E0F_3kQr4QgNJ6nMcKfcVCcmqCTOR0dH6vnhRr2Go\">Novene zum heiligen Josef<\/a><br \/>\n\u2022 <a href=\"https:\/\/ecclesiae.de\/blog\/?p=6321\">Ein Wort zum Tage<\/a><br \/>\n\u2022 Liturgische Texte (Stundengebet\u00a0 <a href=\"http:\/\/vulgata.info\/index.php?title=Kategorie:Stundenbuch:Fastenzeit:1.Woche:Sonntag\">4. Fastenwoche <\/a>\u00a0(Laetare) oder hl. <a href=\"http:\/\/vulgata.info\/index.php?title=Klemens_Maria_Hofbauer\">Klemens Maria Hofbauer<\/a>)<\/p>\n<ul>\n<li>F\u00fcr die Junggebliebenen: <a href=\"https:\/\/kleiner-ritter-der-unbefleckten.de\/?p=123\">Und schon sauber gewaschen<\/a>?<\/li>\n<\/ul>\n<p>&#8222;Wenn sich vielleicht jemand unter euch befindet,\u00a0 der im Glauben schwach ist, f\u00fcr den wei\u00df ich kein kr\u00e4ftigeres<br \/>\nMittel, im Glauben zu erstarken, als t\u00e4glich auf den Knien mit Andacht ein Ave Maria zu beten. Die bedr\u00e4ngte Seele wird Ruhe finden! Und durch das Rosenkranzgebet habe ich alles erlangt, was ich gew\u00fcnscht habe!&#8220; <em>(Hl. Clemens Maria Hofbauer)<\/em><\/p>\n","protected":false},"excerpt":{"rendered":"<p>\u2022 Ein wichtiges Tagesereignis: 6. Tag der Novene zum heiligen Josef \u2022 Ein Wort zum Tage \u2022 Liturgische Texte (Stundengebet\u00a0 4. Fastenwoche \u00a0(Laetare) oder hl. Klemens Maria Hofbauer) F\u00fcr die Junggebliebenen: Und schon sauber gewaschen? &#8222;Wenn sich vielleicht jemand unter euch befindet,\u00a0 der im Glauben schwach ist, f\u00fcr den wei\u00df ich kein kr\u00e4ftigeres Mittel, im [&hellip;]<\/p>\n","protected":false},"author":2,"featured_media":0,"comment_status":"open","ping_status":"closed","sticky":false,"template":"","format":"standard","meta":{"footnotes":""},"categories":[7],"tags":[],"class_list":["post-1092","post","type-post","status-publish","format-standard","hentry","category-priester","has-post-thumbnail"],"_links":{"self":[{"href":"https:\/\/gedenk.jahr.center\/index.php\/wp-json\/wp\/v2\/posts\/1092","targetHints":{"allow":["GET"]}}],"collection":[{"href":"https:\/\/gedenk.jahr.center\/index.php\/wp-json\/wp\/v2\/posts"}],"about":[{"href":"https:\/\/gedenk.jahr.center\/index.php\/wp-json\/wp\/v2\/types\/post"}],"author":[{"embeddable":true,"href":"https:\/\/gedenk.jahr.center\/index.php\/wp-json\/wp\/v2\/users\/2"}],"replies":[{"embeddable":true,"href":"https:\/\/gedenk.jahr.center\/index.php\/wp-json\/wp\/v2\/comments?post=1092"}],"version-history":[{"count":27,"href":"https:\/\/gedenk.jahr.center\/index.php\/wp-json\/wp\/v2\/posts\/1092\/revisions"}],"predecessor-version":[{"id":10455,"href":"https:\/\/gedenk.jahr.center\/index.php\/wp-json\/wp\/v2\/posts\/1092\/revisions\/10455"}],"wp:attachment":[{"href":"https:\/\/gedenk.jahr.center\/index.php\/wp-json\/wp\/v2\/media?parent=1092"}],"wp:term":[{"taxonomy":"category","embeddable":true,"href":"https:\/\/gedenk.jahr.center\/index.php\/wp-json\/wp\/v2\/categories?post=1092"},{"taxonomy":"post_tag","embeddable":true,"href":"https:\/\/gedenk.jahr.center\/index.php\/wp-json\/wp\/v2\/tags?post=1092"}],"curies":[{"name":"wp","href":"https:\/\/api.w.org\/{rel}","templated":true}]}}