{"id":1361,"date":"2026-04-25T00:01:00","date_gmt":"2026-04-24T22:01:00","guid":{"rendered":"http:\/\/gedenk.jahr.center\/?p=1361"},"modified":"2026-03-10T16:31:57","modified_gmt":"2026-03-10T15:31:57","slug":"heiliger-markus","status":"publish","type":"post","link":"https:\/\/gedenk.jahr.center\/index.php\/2026\/04\/25\/heiliger-markus\/","title":{"rendered":"Heiliger Markus"},"content":{"rendered":"<figure id=\"attachment_1362\" aria-describedby=\"caption-attachment-1362\" style=\"width: 463px\" class=\"wp-caption alignnone\"><a href=\"https:\/\/gedenk.jahr.center\/wp-content\/uploads\/2016\/04\/Markus0001-Quelle-Georg-Ott-Legende-von-den-lieben-Heiligen-Gottes-Regensburg-1884.jpg\"><img loading=\"lazy\" decoding=\"async\" class=\" wp-image-1362\" src=\"https:\/\/gedenk.jahr.center\/wp-content\/uploads\/2016\/04\/Markus0001-Quelle-Georg-Ott-Legende-von-den-lieben-Heiligen-Gottes-Regensburg-1884.jpg\" alt=\"Q.: Joachim Sch\u00e4fer - \u00d6kumenisches Heiligenlexikon\" width=\"463\" height=\"615\" srcset=\"https:\/\/gedenk.jahr.center\/wp-content\/uploads\/2016\/04\/Markus0001-Quelle-Georg-Ott-Legende-von-den-lieben-Heiligen-Gottes-Regensburg-1884.jpg 570w, https:\/\/gedenk.jahr.center\/wp-content\/uploads\/2016\/04\/Markus0001-Quelle-Georg-Ott-Legende-von-den-lieben-Heiligen-Gottes-Regensburg-1884-300x398.jpg 300w, https:\/\/gedenk.jahr.center\/wp-content\/uploads\/2016\/04\/Markus0001-Quelle-Georg-Ott-Legende-von-den-lieben-Heiligen-Gottes-Regensburg-1884-72x96.jpg 72w\" sizes=\"auto, (max-width: 463px) 100vw, 463px\" \/><\/a><figcaption id=\"caption-attachment-1362\" class=\"wp-caption-text\">Q.: Joachim Sch\u00e4fer &#8211; <a href=\"https:\/\/www.heiligenlexikon.de\">\u00d6kumenisches Heiligenlexikon<\/a><\/figcaption><\/figure>\n<p>\u2022 Ein wichtiges Tagesereignis:<br \/>\n\u2022 <a href=\"https:\/\/ecclesiae.de\/blog\/?p=9985\">Ein Wort zum Tage<\/a><br \/>\n\u2022 Liturgische Texte (Stundengebet\u00a0 <a href=\"http:\/\/vulgata.info\/index.php?title=Kategorie:Stundenbuch:Ostern:2.Woche:Samstag\">Osterzeit 3. Woche Samstag<\/a> oder <a href=\"http:\/\/vulgata.info\/index.php?title=Markus\">hl. Markus<\/a>)<\/p>\n<p>F\u00fcr die Junggebliebenen: <a href=\"https:\/\/kleiner-ritter-der-unbefleckten.de\/?p=764\">Erstkommunion<\/a><\/p>\n<p>&#8222;Die Menschen k\u00f6nnen nicht miteinander leben, wenn es kein gegenseitiges Vertrauen g\u00e4be.&#8220;<\/p>\n<p>(Thomas von Aquin)<\/p>\n","protected":false},"excerpt":{"rendered":"<p>\u2022 Ein wichtiges Tagesereignis: \u2022 Ein Wort zum Tage \u2022 Liturgische Texte (Stundengebet\u00a0 Osterzeit 3. Woche Samstag oder hl. Markus) F\u00fcr die Junggebliebenen: Erstkommunion &#8222;Die Menschen k\u00f6nnen nicht miteinander leben, wenn es kein gegenseitiges Vertrauen g\u00e4be.&#8220; (Thomas von Aquin)<\/p>\n","protected":false},"author":2,"featured_media":0,"comment_status":"open","ping_status":"closed","sticky":false,"template":"","format":"standard","meta":{"footnotes":""},"categories":[16,11],"tags":[],"class_list":["post-1361","post","type-post","status-publish","format-standard","hentry","category-evangelist","category-maertyrer","has-post-thumbnail"],"_links":{"self":[{"href":"https:\/\/gedenk.jahr.center\/index.php\/wp-json\/wp\/v2\/posts\/1361","targetHints":{"allow":["GET"]}}],"collection":[{"href":"https:\/\/gedenk.jahr.center\/index.php\/wp-json\/wp\/v2\/posts"}],"about":[{"href":"https:\/\/gedenk.jahr.center\/index.php\/wp-json\/wp\/v2\/types\/post"}],"author":[{"embeddable":true,"href":"https:\/\/gedenk.jahr.center\/index.php\/wp-json\/wp\/v2\/users\/2"}],"replies":[{"embeddable":true,"href":"https:\/\/gedenk.jahr.center\/index.php\/wp-json\/wp\/v2\/comments?post=1361"}],"version-history":[{"count":20,"href":"https:\/\/gedenk.jahr.center\/index.php\/wp-json\/wp\/v2\/posts\/1361\/revisions"}],"predecessor-version":[{"id":10504,"href":"https:\/\/gedenk.jahr.center\/index.php\/wp-json\/wp\/v2\/posts\/1361\/revisions\/10504"}],"wp:attachment":[{"href":"https:\/\/gedenk.jahr.center\/index.php\/wp-json\/wp\/v2\/media?parent=1361"}],"wp:term":[{"taxonomy":"category","embeddable":true,"href":"https:\/\/gedenk.jahr.center\/index.php\/wp-json\/wp\/v2\/categories?post=1361"},{"taxonomy":"post_tag","embeddable":true,"href":"https:\/\/gedenk.jahr.center\/index.php\/wp-json\/wp\/v2\/tags?post=1361"}],"curies":[{"name":"wp","href":"https:\/\/api.w.org\/{rel}","templated":true}]}}