{"id":1374,"date":"2026-04-29T00:01:00","date_gmt":"2026-04-28T22:01:00","guid":{"rendered":"http:\/\/gedenk.jahr.center\/?p=1374"},"modified":"2026-03-24T08:34:43","modified_gmt":"2026-03-24T07:34:43","slug":"heilige-katharina-von-siena","status":"publish","type":"post","link":"https:\/\/gedenk.jahr.center\/index.php\/2026\/04\/29\/heilige-katharina-von-siena\/","title":{"rendered":"Heilige Katharina von Siena"},"content":{"rendered":"<figure id=\"attachment_1375\" aria-describedby=\"caption-attachment-1375\" style=\"width: 187px\" class=\"wp-caption alignnone\"><a href=\"https:\/\/gedenk.jahr.center\/wp-content\/uploads\/2016\/04\/KatharSiena-Schreibmans-Kultbilder-mit-freundlicher-Erlaubnis.jpg\"><img loading=\"lazy\" decoding=\"async\" class=\"size-full wp-image-1375\" src=\"https:\/\/gedenk.jahr.center\/wp-content\/uploads\/2016\/04\/KatharSiena-Schreibmans-Kultbilder-mit-freundlicher-Erlaubnis.jpg\" alt=\"Q.: Schreibmans Kultbilder mit freundlicher Erlaubnis\" width=\"187\" height=\"338\" srcset=\"https:\/\/gedenk.jahr.center\/wp-content\/uploads\/2016\/04\/KatharSiena-Schreibmans-Kultbilder-mit-freundlicher-Erlaubnis.jpg 187w, https:\/\/gedenk.jahr.center\/wp-content\/uploads\/2016\/04\/KatharSiena-Schreibmans-Kultbilder-mit-freundlicher-Erlaubnis-53x96.jpg 53w\" sizes=\"auto, (max-width: 187px) 100vw, 187px\" \/><\/a><figcaption id=\"caption-attachment-1375\" class=\"wp-caption-text\">Q.: Schreibmans Kultbilder mit freundlicher Erlaubnis<\/figcaption><\/figure>\n<p>\u2022 Ein wichtiges Tagesereignis:<br \/>\n\u2022 <a href=\"https:\/\/ecclesiae.de\/blog\/?p=9997\">Ein Wort zum Tage<\/a><br \/>\n\u2022 Liturgische Texte (Stundengebet\u00a0 <a href=\"http:\/\/vulgata.info\/index.php?title=Kategorie:Stundenbuch:Ostern:2.Woche:Mittwoch\">Osterzeit 4. Woche Mittwoch <\/a>\u00a0oder <a href=\"http:\/\/vulgata.info\/index.php?title=Katharina_von_Siena\">hl. Katharina von Siena<\/a>)<\/p>\n<ul>\n<li>F\u00fcr die Junggebliebenen: <a href=\"https:\/\/kleiner-ritter-der-unbefleckten.de\/?p=1338\">Religionsunterricht im Jahr 1958<\/a><\/li>\n<\/ul>\n<p>&#8222;Die Liebe tr\u00e4gt die Seele, wie die F\u00fc\u00dfe unseren K\u00f6rper tragen.&#8220; <em>(Katharina von Siena)<\/em><\/p>\n","protected":false},"excerpt":{"rendered":"<p>\u2022 Ein wichtiges Tagesereignis: \u2022 Ein Wort zum Tage \u2022 Liturgische Texte (Stundengebet\u00a0 Osterzeit 4. Woche Mittwoch \u00a0oder hl. Katharina von Siena) F\u00fcr die Junggebliebenen: Religionsunterricht im Jahr 1958 &#8222;Die Liebe tr\u00e4gt die Seele, wie die F\u00fc\u00dfe unseren K\u00f6rper tragen.&#8220; (Katharina von Siena)<\/p>\n","protected":false},"author":2,"featured_media":0,"comment_status":"open","ping_status":"closed","sticky":false,"template":"","format":"standard","meta":{"footnotes":""},"categories":[13,29],"tags":[],"class_list":["post-1374","post","type-post","status-publish","format-standard","hentry","category-kirchenlehrerin","category-mystikerin","has-post-thumbnail"],"_links":{"self":[{"href":"https:\/\/gedenk.jahr.center\/index.php\/wp-json\/wp\/v2\/posts\/1374","targetHints":{"allow":["GET"]}}],"collection":[{"href":"https:\/\/gedenk.jahr.center\/index.php\/wp-json\/wp\/v2\/posts"}],"about":[{"href":"https:\/\/gedenk.jahr.center\/index.php\/wp-json\/wp\/v2\/types\/post"}],"author":[{"embeddable":true,"href":"https:\/\/gedenk.jahr.center\/index.php\/wp-json\/wp\/v2\/users\/2"}],"replies":[{"embeddable":true,"href":"https:\/\/gedenk.jahr.center\/index.php\/wp-json\/wp\/v2\/comments?post=1374"}],"version-history":[{"count":22,"href":"https:\/\/gedenk.jahr.center\/index.php\/wp-json\/wp\/v2\/posts\/1374\/revisions"}],"predecessor-version":[{"id":10530,"href":"https:\/\/gedenk.jahr.center\/index.php\/wp-json\/wp\/v2\/posts\/1374\/revisions\/10530"}],"wp:attachment":[{"href":"https:\/\/gedenk.jahr.center\/index.php\/wp-json\/wp\/v2\/media?parent=1374"}],"wp:term":[{"taxonomy":"category","embeddable":true,"href":"https:\/\/gedenk.jahr.center\/index.php\/wp-json\/wp\/v2\/categories?post=1374"},{"taxonomy":"post_tag","embeddable":true,"href":"https:\/\/gedenk.jahr.center\/index.php\/wp-json\/wp\/v2\/tags?post=1374"}],"curies":[{"name":"wp","href":"https:\/\/api.w.org\/{rel}","templated":true}]}}