{"id":1864,"date":"2025-08-05T00:01:00","date_gmt":"2025-08-04T22:01:00","guid":{"rendered":"http:\/\/gedenk.jahr.center\/?p=1864"},"modified":"2025-06-05T10:53:41","modified_gmt":"2025-06-05T08:53:41","slug":"gedenktag-maria-schnee","status":"publish","type":"post","link":"https:\/\/gedenk.jahr.center\/index.php\/2025\/08\/05\/gedenktag-maria-schnee\/","title":{"rendered":"Gedenktag Maria Schnee"},"content":{"rendered":"<figure id=\"attachment_1865\" aria-describedby=\"caption-attachment-1865\" style=\"width: 329px\" class=\"wp-caption alignnone\"><a href=\"https:\/\/gedenk.jahr.center\/wp-content\/uploads\/2016\/07\/05-Maria-Schnee-Joachim.jpg\"><img loading=\"lazy\" decoding=\"async\" class=\" wp-image-1865\" src=\"https:\/\/gedenk.jahr.center\/wp-content\/uploads\/2016\/07\/05-Maria-Schnee-Joachim.jpg\" alt=\"Q.: Joachim Sch\u00e4fer - \u00d6kumenisches Heiligenlexikon\" width=\"329\" height=\"385\" srcset=\"https:\/\/gedenk.jahr.center\/wp-content\/uploads\/2016\/07\/05-Maria-Schnee-Joachim.jpg 427w, https:\/\/gedenk.jahr.center\/wp-content\/uploads\/2016\/07\/05-Maria-Schnee-Joachim-300x351.jpg 300w, https:\/\/gedenk.jahr.center\/wp-content\/uploads\/2016\/07\/05-Maria-Schnee-Joachim-82x96.jpg 82w\" sizes=\"auto, (max-width: 329px) 100vw, 329px\" \/><\/a><figcaption id=\"caption-attachment-1865\" class=\"wp-caption-text\">Q.: Joachim Sch\u00e4fer &#8211; <a href=\"http:\/\/www.heiligenlexikon.de\">\u00d6kumenisches Heiligenlexikon<\/a><\/figcaption><\/figure>\n<ul>\n<li>Ein wichtiges Tagesereignis:<\/li>\n<li><a href=\"https:\/\/ecclesiae.de\/blog\/?p=13788\">Ein Wort zum Tage<\/a><\/li>\n<li>Liturgische Texte (Stundengebet <a href=\"http:\/\/vulgata.info\/index.php?title=Kategorie:Stundenbuch:Jahreskreis:02.Woche:Dienstag\">18. Woche Dienstag)<\/a><\/li>\n<li>F\u00fcr die Junggebliebenen: <a href=\"https:\/\/kleiner-ritter-der-unbefleckten.de\/?p=591\">Wandel auf dem See<\/a><\/li>\n<\/ul>\n<p>Die Kirche S. Maria Maggiore in Rom ist die bedeutendste Marienkirche des Abendlandes.<br \/>\nDer fr\u00fchere Name des heutigen Gedenktages war \u201eMaria Schnee\u201c<br \/>\nund erinnerte an die Legende von einem wunderbaren Schneefall im August,<br \/>\ndurch den Maria angezeigt habe, wo man die Kirche bauen soll.<br \/>\nDie Kirche\u00a0 wurde von Papst Liberius (352-366) gebaut<br \/>\nund 435 der Mutter Gottes geweiht,<br \/>\nzur Erinnerung an das Konzil von Ephesus (431),<br \/>\nauf dem der Titel \u201eGottesmutter\u201c f\u00fcr Maria ausdr\u00fccklich best\u00e4tigt wurde.<\/p>\n","protected":false},"excerpt":{"rendered":"<p>Ein wichtiges Tagesereignis: Ein Wort zum Tage Liturgische Texte (Stundengebet 18. Woche Dienstag) F\u00fcr die Junggebliebenen: Wandel auf dem See Die Kirche S. Maria Maggiore in Rom ist die bedeutendste Marienkirche des Abendlandes. Der fr\u00fchere Name des heutigen Gedenktages war \u201eMaria Schnee\u201c und erinnerte an die Legende von einem wunderbaren Schneefall im August, durch den [&hellip;]<\/p>\n","protected":false},"author":2,"featured_media":0,"comment_status":"open","ping_status":"closed","sticky":false,"template":"","format":"standard","meta":{"footnotes":""},"categories":[84],"tags":[],"class_list":["post-1864","post","type-post","status-publish","format-standard","hentry","category-basilika","has-post-thumbnail"],"_links":{"self":[{"href":"https:\/\/gedenk.jahr.center\/index.php\/wp-json\/wp\/v2\/posts\/1864","targetHints":{"allow":["GET"]}}],"collection":[{"href":"https:\/\/gedenk.jahr.center\/index.php\/wp-json\/wp\/v2\/posts"}],"about":[{"href":"https:\/\/gedenk.jahr.center\/index.php\/wp-json\/wp\/v2\/types\/post"}],"author":[{"embeddable":true,"href":"https:\/\/gedenk.jahr.center\/index.php\/wp-json\/wp\/v2\/users\/2"}],"replies":[{"embeddable":true,"href":"https:\/\/gedenk.jahr.center\/index.php\/wp-json\/wp\/v2\/comments?post=1864"}],"version-history":[{"count":22,"href":"https:\/\/gedenk.jahr.center\/index.php\/wp-json\/wp\/v2\/posts\/1864\/revisions"}],"predecessor-version":[{"id":10002,"href":"https:\/\/gedenk.jahr.center\/index.php\/wp-json\/wp\/v2\/posts\/1864\/revisions\/10002"}],"wp:attachment":[{"href":"https:\/\/gedenk.jahr.center\/index.php\/wp-json\/wp\/v2\/media?parent=1864"}],"wp:term":[{"taxonomy":"category","embeddable":true,"href":"https:\/\/gedenk.jahr.center\/index.php\/wp-json\/wp\/v2\/categories?post=1864"},{"taxonomy":"post_tag","embeddable":true,"href":"https:\/\/gedenk.jahr.center\/index.php\/wp-json\/wp\/v2\/tags?post=1864"}],"curies":[{"name":"wp","href":"https:\/\/api.w.org\/{rel}","templated":true}]}}