{"id":2080,"date":"2025-09-18T00:01:00","date_gmt":"2025-09-17T22:01:00","guid":{"rendered":"http:\/\/gedenk.jahr.center\/?p=2080"},"modified":"2025-07-11T09:02:14","modified_gmt":"2025-07-11T07:02:14","slug":"heilige-richardis","status":"publish","type":"post","link":"https:\/\/gedenk.jahr.center\/index.php\/2025\/09\/18\/heilige-richardis\/","title":{"rendered":"Heilige Richardis"},"content":{"rendered":"<figure id=\"attachment_2008\" aria-describedby=\"caption-attachment-2008\" style=\"width: 413px\" class=\"wp-caption alignnone\"><a href=\"https:\/\/gedenk.jahr.center\/wp-content\/uploads\/2016\/08\/18-Richardis3.jpg\"><img loading=\"lazy\" decoding=\"async\" class=\"wp-image-2008\" src=\"https:\/\/gedenk.jahr.center\/wp-content\/uploads\/2016\/08\/18-Richardis3-620x972.jpg\" alt=\"Q.: Joachim Sch\u00e4fer - \u00d6kumenisches Heiligenlexikon\" width=\"413\" height=\"647\" srcset=\"https:\/\/gedenk.jahr.center\/wp-content\/uploads\/2016\/08\/18-Richardis3-620x972.jpg 620w, https:\/\/gedenk.jahr.center\/wp-content\/uploads\/2016\/08\/18-Richardis3-300x470.jpg 300w, https:\/\/gedenk.jahr.center\/wp-content\/uploads\/2016\/08\/18-Richardis3-940x1473.jpg 940w, https:\/\/gedenk.jahr.center\/wp-content\/uploads\/2016\/08\/18-Richardis3.jpg 957w, https:\/\/gedenk.jahr.center\/wp-content\/uploads\/2016\/08\/18-Richardis3-61x96.jpg 61w\" sizes=\"auto, (max-width: 413px) 100vw, 413px\" \/><\/a><figcaption id=\"caption-attachment-2008\" class=\"wp-caption-text\">Q.: Joachim Sch\u00e4fer &#8211; <a href=\"https:\/\/www.heiligenlexikon.de\">\u00d6kumenisches Heiligenlexikon<\/a><\/figcaption><\/figure>\n<ul>\n<li>Ein wichtiges Tagesereignis:<\/li>\n<li><a href=\"https:\/\/ecclesiae.de\/blog\/?p=13903\">Ein Wort zum Tage<\/a><\/li>\n<li>F\u00fcr die Junggebliebenen: <a href=\"https:\/\/kleiner-ritter-der-unbefleckten.de\/?p=950\">Kennst Du Dich aus?<\/a><\/li>\n<li>Liturgische Texte (Stundengebet <a href=\"http:\/\/vulgata.info\/index.php?title=Kategorie:Stundenbuch:Jahreskreis:04.Woche:Donnerstag\">24. Woche Donnerstag)<\/a><\/li>\n<\/ul>\n<p>&#8222;Wer die Liebe hat, ist reich und wei\u00df es nicht; wer die Liebe<br \/>\nnicht hat, hat nichts; er ist ungl\u00fccklich und wei\u00df es nicht.<br \/>\nDie Liebe ist ein gro\u00dfes Gl\u00fcck.&#8220; (hl. Josef von Copertino)<\/p>\n","protected":false},"excerpt":{"rendered":"<p>Ein wichtiges Tagesereignis: Ein Wort zum Tage F\u00fcr die Junggebliebenen: Kennst Du Dich aus? Liturgische Texte (Stundengebet 24. Woche Donnerstag) &#8222;Wer die Liebe hat, ist reich und wei\u00df es nicht; wer die Liebe nicht hat, hat nichts; er ist ungl\u00fccklich und wei\u00df es nicht. Die Liebe ist ein gro\u00dfes Gl\u00fcck.&#8220; (hl. Josef von Copertino)<\/p>\n","protected":false},"author":2,"featured_media":0,"comment_status":"open","ping_status":"closed","sticky":false,"template":"","format":"standard","meta":{"footnotes":""},"categories":[87,10],"tags":[],"class_list":["post-2080","post","type-post","status-publish","format-standard","hentry","category-kaiserin","category-ordensfrau","has-post-thumbnail"],"_links":{"self":[{"href":"https:\/\/gedenk.jahr.center\/index.php\/wp-json\/wp\/v2\/posts\/2080","targetHints":{"allow":["GET"]}}],"collection":[{"href":"https:\/\/gedenk.jahr.center\/index.php\/wp-json\/wp\/v2\/posts"}],"about":[{"href":"https:\/\/gedenk.jahr.center\/index.php\/wp-json\/wp\/v2\/types\/post"}],"author":[{"embeddable":true,"href":"https:\/\/gedenk.jahr.center\/index.php\/wp-json\/wp\/v2\/users\/2"}],"replies":[{"embeddable":true,"href":"https:\/\/gedenk.jahr.center\/index.php\/wp-json\/wp\/v2\/comments?post=2080"}],"version-history":[{"count":22,"href":"https:\/\/gedenk.jahr.center\/index.php\/wp-json\/wp\/v2\/posts\/2080\/revisions"}],"predecessor-version":[{"id":10158,"href":"https:\/\/gedenk.jahr.center\/index.php\/wp-json\/wp\/v2\/posts\/2080\/revisions\/10158"}],"wp:attachment":[{"href":"https:\/\/gedenk.jahr.center\/index.php\/wp-json\/wp\/v2\/media?parent=2080"}],"wp:term":[{"taxonomy":"category","embeddable":true,"href":"https:\/\/gedenk.jahr.center\/index.php\/wp-json\/wp\/v2\/categories?post=2080"},{"taxonomy":"post_tag","embeddable":true,"href":"https:\/\/gedenk.jahr.center\/index.php\/wp-json\/wp\/v2\/tags?post=2080"}],"curies":[{"name":"wp","href":"https:\/\/api.w.org\/{rel}","templated":true}]}}