{"id":2194,"date":"2025-10-24T00:01:00","date_gmt":"2025-10-23T22:01:00","guid":{"rendered":"http:\/\/gedenk.jahr.center\/?p=2194"},"modified":"2025-07-22T16:06:17","modified_gmt":"2025-07-22T14:06:17","slug":"heiliger-antonius-maria-claret","status":"publish","type":"post","link":"https:\/\/gedenk.jahr.center\/index.php\/2025\/10\/24\/heiliger-antonius-maria-claret\/","title":{"rendered":"Heiliger Antonius Maria Claret"},"content":{"rendered":"<figure id=\"attachment_2195\" aria-describedby=\"caption-attachment-2195\" style=\"width: 357px\" class=\"wp-caption alignnone\"><a href=\"https:\/\/gedenk.jahr.center\/wp-content\/uploads\/2016\/09\/24-Antonius_Maria_Claret-Joachim.jpg\"><img loading=\"lazy\" decoding=\"async\" class=\"wp-image-2195\" src=\"https:\/\/gedenk.jahr.center\/wp-content\/uploads\/2016\/09\/24-Antonius_Maria_Claret-Joachim-620x916.jpg\" alt=\"Q.: Joachim Sch\u00e4fer - \u00d6kumenisches Heiligenlexikon\" width=\"357\" height=\"527\" srcset=\"https:\/\/gedenk.jahr.center\/wp-content\/uploads\/2016\/09\/24-Antonius_Maria_Claret-Joachim-620x916.jpg 620w, https:\/\/gedenk.jahr.center\/wp-content\/uploads\/2016\/09\/24-Antonius_Maria_Claret-Joachim-300x443.jpg 300w, https:\/\/gedenk.jahr.center\/wp-content\/uploads\/2016\/09\/24-Antonius_Maria_Claret-Joachim-65x96.jpg 65w, https:\/\/gedenk.jahr.center\/wp-content\/uploads\/2016\/09\/24-Antonius_Maria_Claret-Joachim.jpg 677w\" sizes=\"auto, (max-width: 357px) 100vw, 357px\" \/><\/a><figcaption id=\"caption-attachment-2195\" class=\"wp-caption-text\">Q.: Joachim Sch\u00e4fer &#8211; <a href=\"https:\/\/www.heiligenlexikon.de\">\u00d6kumenisches Heiligenlexikon<\/a><\/figcaption><\/figure>\n<ul>\n<li>Ein wichtiges Tagesereignis: 1. Tag der <a href=\"http:\/\/ecclesiae.de\/blog\/?page_id=10489\">Novene f\u00fcr die Armen Seelen<\/a>.<\/li>\n<li><a href=\"https:\/\/ecclesiae.de\/blog\/?p=14005\">Ein Wort zum Tage<\/a><\/li>\n<li>F\u00fcr die Junggebliebenen: &#8222;<a href=\"https:\/\/kleiner-ritter-der-unbefleckten.de\/?p=1588\">Daniel in der L\u00f6wengrube<\/a>&#8222;<\/li>\n<li>Liturgische Texte (Stundengebet <a href=\"http:\/\/vulgata.info\/index.php?title=Kategorie:Stundenbuch:Jahreskreis:01.Woche:Freitag\">29. Woche Freitag<\/a> oder hl. <a href=\"http:\/\/vulgata.info\/index.php?title=Antonius_Maria_Claret\">Antonius Maria Claret<\/a>)<\/li>\n<\/ul>\n<p>&#8222;Maria ist meine Mutter, meine Besch\u00fctzerin,<br \/>\nmeine Lehrerin, sie ist nach Jesus mein Ein und Alles.&#8220;<\/p>\n<p>(Antonius Maria Claret)<\/p>\n","protected":false},"excerpt":{"rendered":"<p>Ein wichtiges Tagesereignis: 1. Tag der Novene f\u00fcr die Armen Seelen. Ein Wort zum Tage F\u00fcr die Junggebliebenen: &#8222;Daniel in der L\u00f6wengrube&#8222; Liturgische Texte (Stundengebet 29. Woche Freitag oder hl. Antonius Maria Claret) &#8222;Maria ist meine Mutter, meine Besch\u00fctzerin, meine Lehrerin, sie ist nach Jesus mein Ein und Alles.&#8220; (Antonius Maria Claret)<\/p>\n","protected":false},"author":2,"featured_media":0,"comment_status":"open","ping_status":"closed","sticky":false,"template":"","format":"standard","meta":{"footnotes":""},"categories":[28,7],"tags":[],"class_list":["post-2194","post","type-post","status-publish","format-standard","hentry","category-erzbischof","category-priester","has-post-thumbnail"],"_links":{"self":[{"href":"https:\/\/gedenk.jahr.center\/index.php\/wp-json\/wp\/v2\/posts\/2194","targetHints":{"allow":["GET"]}}],"collection":[{"href":"https:\/\/gedenk.jahr.center\/index.php\/wp-json\/wp\/v2\/posts"}],"about":[{"href":"https:\/\/gedenk.jahr.center\/index.php\/wp-json\/wp\/v2\/types\/post"}],"author":[{"embeddable":true,"href":"https:\/\/gedenk.jahr.center\/index.php\/wp-json\/wp\/v2\/users\/2"}],"replies":[{"embeddable":true,"href":"https:\/\/gedenk.jahr.center\/index.php\/wp-json\/wp\/v2\/comments?post=2194"}],"version-history":[{"count":24,"href":"https:\/\/gedenk.jahr.center\/index.php\/wp-json\/wp\/v2\/posts\/2194\/revisions"}],"predecessor-version":[{"id":10195,"href":"https:\/\/gedenk.jahr.center\/index.php\/wp-json\/wp\/v2\/posts\/2194\/revisions\/10195"}],"wp:attachment":[{"href":"https:\/\/gedenk.jahr.center\/index.php\/wp-json\/wp\/v2\/media?parent=2194"}],"wp:term":[{"taxonomy":"category","embeddable":true,"href":"https:\/\/gedenk.jahr.center\/index.php\/wp-json\/wp\/v2\/categories?post=2194"},{"taxonomy":"post_tag","embeddable":true,"href":"https:\/\/gedenk.jahr.center\/index.php\/wp-json\/wp\/v2\/tags?post=2194"}],"curies":[{"name":"wp","href":"https:\/\/api.w.org\/{rel}","templated":true}]}}