{"id":226,"date":"2015-10-05T00:01:57","date_gmt":"2015-10-04T22:01:57","guid":{"rendered":"http:\/\/gedenk.jahr.center\/?p=226"},"modified":"2015-10-05T06:10:33","modified_gmt":"2015-10-05T04:10:33","slug":"heilige-schwester-maria-faustyna-kowalska","status":"publish","type":"post","link":"https:\/\/gedenk.jahr.center\/index.php\/2015\/10\/05\/heilige-schwester-maria-faustyna-kowalska\/","title":{"rendered":"Heilige Schwester Maria Faustyna Kowalska"},"content":{"rendered":"<p><a href=\"https:\/\/gedenk.jahr.center\/wp-content\/uploads\/2015\/09\/Maria_Faustyna_Kowalska.jpg\"><img loading=\"lazy\" decoding=\"async\" class=\"alignnone size-full wp-image-227\" src=\"https:\/\/gedenk.jahr.center\/wp-content\/uploads\/2015\/09\/Maria_Faustyna_Kowalska.jpg\" alt=\"Maria_Faustyna_Kowalska\" width=\"294\" height=\"440\" srcset=\"https:\/\/gedenk.jahr.center\/wp-content\/uploads\/2015\/09\/Maria_Faustyna_Kowalska.jpg 294w, https:\/\/gedenk.jahr.center\/wp-content\/uploads\/2015\/09\/Maria_Faustyna_Kowalska-64x96.jpg 64w\" sizes=\"auto, (max-width: 294px) 100vw, 294px\" \/><\/a><\/p>\n<p>Gleichzeitig gedenken wir heute der Heiligen Anna Sch\u00e4ffer aus Mindelst\u00e4tten\/Bayern und des Heiligen Priesters Meinolf aus Paderborn&#8230;<\/p>\n<p>&nbsp;<\/p>\n<ul>\n<li>Ein wichtiges Tagesereignis: &#8211;<\/li>\n<li><a href=\"http:\/\/ecclesiae.de\/blog\/?m=20151005\" target=\"_blank\">Ein Wort zum Tage<\/a><\/li>\n<li><a href=\"http:\/\/vulgata.info\/index.php\/Kategorie:Stundenbuch:Jahreskreis:03.Woche:Montag\">Liturgische Texte (Stundengebet <\/a>27. Woche im Jahreskreis, Montag)<br \/>\n\u201eIch f\u00fchle deutlich, dass mein Auftrag mit meinem Tod<br \/>\nnicht enden, sondern beginnen wird. Ihr zweifelnden<br \/>\nSeelen, ich werde f\u00fcr euch den Vorhang des Himmels l\u00fcften,<br \/>\num euch von der G\u00fcte Gottes zu \u00fcberzeugen \u2013<br \/>\ndamit ihr nicht l\u00e4nger das S\u00fc\u00dfeste Herz Jesu durch<br \/>\nMisstrauen verletzt. Gott ist die Liebe und die Barmherzigkeit.&#8220;<br \/>\n(Hl. Faustyna Kowalska\u00a0 Ordensfrau, (+1938) Verk\u00fcnderin der G\u00f6ttlichen Barmherzigkeit)<\/li>\n<\/ul>\n<p>&nbsp;<\/p>\n","protected":false},"excerpt":{"rendered":"<p>Gleichzeitig gedenken wir heute der Heiligen Anna Sch\u00e4ffer aus Mindelst\u00e4tten\/Bayern und des Heiligen Priesters Meinolf aus Paderborn&#8230; &nbsp; Ein wichtiges Tagesereignis: &#8211; Ein Wort zum Tage Liturgische Texte (Stundengebet 27. Woche im Jahreskreis, Montag) \u201eIch f\u00fchle deutlich, dass mein Auftrag mit meinem Tod nicht enden, sondern beginnen wird. Ihr zweifelnden Seelen, ich werde f\u00fcr euch [&hellip;]<\/p>\n","protected":false},"author":2,"featured_media":0,"comment_status":"open","ping_status":"closed","sticky":false,"template":"","format":"standard","meta":{"footnotes":""},"categories":[10],"tags":[],"class_list":["post-226","post","type-post","status-publish","format-standard","hentry","category-ordensfrau","has-post-thumbnail"],"_links":{"self":[{"href":"https:\/\/gedenk.jahr.center\/index.php\/wp-json\/wp\/v2\/posts\/226","targetHints":{"allow":["GET"]}}],"collection":[{"href":"https:\/\/gedenk.jahr.center\/index.php\/wp-json\/wp\/v2\/posts"}],"about":[{"href":"https:\/\/gedenk.jahr.center\/index.php\/wp-json\/wp\/v2\/types\/post"}],"author":[{"embeddable":true,"href":"https:\/\/gedenk.jahr.center\/index.php\/wp-json\/wp\/v2\/users\/2"}],"replies":[{"embeddable":true,"href":"https:\/\/gedenk.jahr.center\/index.php\/wp-json\/wp\/v2\/comments?post=226"}],"version-history":[{"count":2,"href":"https:\/\/gedenk.jahr.center\/index.php\/wp-json\/wp\/v2\/posts\/226\/revisions"}],"predecessor-version":[{"id":364,"href":"https:\/\/gedenk.jahr.center\/index.php\/wp-json\/wp\/v2\/posts\/226\/revisions\/364"}],"wp:attachment":[{"href":"https:\/\/gedenk.jahr.center\/index.php\/wp-json\/wp\/v2\/media?parent=226"}],"wp:term":[{"taxonomy":"category","embeddable":true,"href":"https:\/\/gedenk.jahr.center\/index.php\/wp-json\/wp\/v2\/categories?post=226"},{"taxonomy":"post_tag","embeddable":true,"href":"https:\/\/gedenk.jahr.center\/index.php\/wp-json\/wp\/v2\/tags?post=226"}],"curies":[{"name":"wp","href":"https:\/\/api.w.org\/{rel}","templated":true}]}}