{"id":374,"date":"2025-11-10T00:01:00","date_gmt":"2025-11-09T23:01:00","guid":{"rendered":"http:\/\/gedenk.jahr.center\/?p=374"},"modified":"2025-07-25T15:56:02","modified_gmt":"2025-07-25T13:56:02","slug":"heiliger-papst-leo-i-der-grosse","status":"publish","type":"post","link":"https:\/\/gedenk.jahr.center\/index.php\/2025\/11\/10\/heiliger-papst-leo-i-der-grosse\/","title":{"rendered":"Heiliger Papst Leo I. &#8222;der Gro\u00dfe&#8220;"},"content":{"rendered":"\n<figure class=\"wp-block-image size-full is-style-rounded\"><a href=\"https:\/\/gedenk.jahr.center\/wp-content\/uploads\/2021\/08\/450px-StJosef.jpg\"><img loading=\"lazy\" decoding=\"async\" width=\"450\" height=\"600\" src=\"https:\/\/gedenk.jahr.center\/wp-content\/uploads\/2021\/08\/450px-StJosef.jpg\" alt=\"\" class=\"wp-image-6452\" srcset=\"https:\/\/gedenk.jahr.center\/wp-content\/uploads\/2021\/08\/450px-StJosef.jpg 450w, https:\/\/gedenk.jahr.center\/wp-content\/uploads\/2021\/08\/450px-StJosef-300x400.jpg 300w, https:\/\/gedenk.jahr.center\/wp-content\/uploads\/2021\/08\/450px-StJosef-72x96.jpg 72w\" sizes=\"auto, (max-width: 450px) 100vw, 450px\" \/><\/a><\/figure>\n\n\n<ul>\n<li>Ein wichtiges Tagesereignis: In diesem Monat beten wir die <a href=\"http:\/\/ecclesiae.de\/blog\/?page_id=10748\">Novene f\u00fcr die \u00e4rmste Priesterseele<\/a>.<\/li>\n<li><a href=\"https:\/\/ecclesiae.de\/blog\/?p=14056\" target=\"_blank\" rel=\"noopener noreferrer\">Ein Wort zum Tage<\/a><\/li>\n<li>F\u00fcr die Junggebliebenen: <a href=\"https:\/\/kleiner-ritter-der-unbefleckten.de\/?p=2008\">Die Laterne Lumina<\/a><\/li>\n<li>Liturgische Texte: Stundengebet\u00a0 <a href=\"http:\/\/vulgata.info\/index.php?title=Kategorie:Stundenbuch:Jahreskreis:04.Woche:Montag\">32. Woche im Jahreskreis, Montag <\/a>oder <a href=\"http:\/\/vulgata.info\/index.php?title=Papst_Leo_I\">hl. Papst Leo I.<\/a><br \/>&#8222;W\u00e4re Jesus nicht wahrer Gott, so h\u00e4tte er keine Erl\u00f6sung gebracht;<br \/>w\u00e4re er nicht wahrer Mensch,<br \/>so h\u00e4tte er uns kein Beispiel bieten k\u00f6nnen.&#8220;<br \/>(Hl. Papst Leo I.)<\/li>\n<\/ul>","protected":false},"excerpt":{"rendered":"<p>Ein wichtiges Tagesereignis: In diesem Monat beten wir die Novene f\u00fcr die \u00e4rmste Priesterseele. Ein Wort zum Tage F\u00fcr die Junggebliebenen: Die Laterne Lumina Liturgische Texte: Stundengebet\u00a0 32. Woche im Jahreskreis, Montag oder hl. Papst Leo I.&#8222;W\u00e4re Jesus nicht wahrer Gott, so h\u00e4tte er keine Erl\u00f6sung gebracht;w\u00e4re er nicht wahrer Mensch,so h\u00e4tte er uns kein [&hellip;]<\/p>\n","protected":false},"author":2,"featured_media":0,"comment_status":"open","ping_status":"closed","sticky":false,"template":"","format":"standard","meta":{"footnotes":""},"categories":[5,4],"tags":[],"class_list":["post-374","post","type-post","status-publish","format-standard","hentry","category-kirchenlehrer","category-papst","has-post-thumbnail"],"_links":{"self":[{"href":"https:\/\/gedenk.jahr.center\/index.php\/wp-json\/wp\/v2\/posts\/374","targetHints":{"allow":["GET"]}}],"collection":[{"href":"https:\/\/gedenk.jahr.center\/index.php\/wp-json\/wp\/v2\/posts"}],"about":[{"href":"https:\/\/gedenk.jahr.center\/index.php\/wp-json\/wp\/v2\/types\/post"}],"author":[{"embeddable":true,"href":"https:\/\/gedenk.jahr.center\/index.php\/wp-json\/wp\/v2\/users\/2"}],"replies":[{"embeddable":true,"href":"https:\/\/gedenk.jahr.center\/index.php\/wp-json\/wp\/v2\/comments?post=374"}],"version-history":[{"count":27,"href":"https:\/\/gedenk.jahr.center\/index.php\/wp-json\/wp\/v2\/posts\/374\/revisions"}],"predecessor-version":[{"id":10211,"href":"https:\/\/gedenk.jahr.center\/index.php\/wp-json\/wp\/v2\/posts\/374\/revisions\/10211"}],"wp:attachment":[{"href":"https:\/\/gedenk.jahr.center\/index.php\/wp-json\/wp\/v2\/media?parent=374"}],"wp:term":[{"taxonomy":"category","embeddable":true,"href":"https:\/\/gedenk.jahr.center\/index.php\/wp-json\/wp\/v2\/categories?post=374"},{"taxonomy":"post_tag","embeddable":true,"href":"https:\/\/gedenk.jahr.center\/index.php\/wp-json\/wp\/v2\/tags?post=374"}],"curies":[{"name":"wp","href":"https:\/\/api.w.org\/{rel}","templated":true}]}}