{"id":484,"date":"2025-11-14T00:01:00","date_gmt":"2025-11-13T23:01:00","guid":{"rendered":"http:\/\/gedenk.jahr.center\/?p=484"},"modified":"2025-07-28T10:29:15","modified_gmt":"2025-07-28T08:29:15","slug":"heiliger-nikolaus-tavelic-und-3-gefaehrten","status":"publish","type":"post","link":"https:\/\/gedenk.jahr.center\/index.php\/2025\/11\/14\/heiliger-nikolaus-tavelic-und-3-gefaehrten\/","title":{"rendered":"Heiliger Nikolaus Tavelic\u00b4 und 3 Gef\u00e4hrten"},"content":{"rendered":"<p><a href=\"https:\/\/gedenk.jahr.center\/wp-content\/uploads\/2015\/10\/IMAG0892-579x1024.jpg\"><img loading=\"lazy\" decoding=\"async\" class=\"alignnone size-full wp-image-486\" src=\"https:\/\/gedenk.jahr.center\/wp-content\/uploads\/2015\/10\/IMAG0892-579x1024.jpg\" alt=\"IMAG0892-579x1024\" width=\"579\" height=\"1024\" srcset=\"https:\/\/gedenk.jahr.center\/wp-content\/uploads\/2015\/10\/IMAG0892-579x1024.jpg 579w, https:\/\/gedenk.jahr.center\/wp-content\/uploads\/2015\/10\/IMAG0892-579x1024-300x531.jpg 300w, https:\/\/gedenk.jahr.center\/wp-content\/uploads\/2015\/10\/IMAG0892-579x1024-54x96.jpg 54w\" sizes=\"auto, (max-width: 579px) 100vw, 579px\" \/><\/a><\/p>\n<ul>\n<li>Ein wichtiges Tagesereignis:<br \/>\nIn diesem Monat beten wir die <a href=\"http:\/\/ecclesiae.de\/blog\/?page_id=10479\">Novene f\u00fcr die \u00e4rmste Priesterseele<\/a>.<\/li>\n<li><a href=\"https:\/\/ecclesiae.de\/blog\/?p=14064\" target=\"_blank\" rel=\"noopener noreferrer\">Ein Wort zum Tage<\/a><\/li>\n<li>F\u00fcr die Junggebliebenen: <a href=\"https:\/\/kleiner-ritter-der-unbefleckten.de\/?p=2188\">Holger und die N\u00e4gel<\/a><\/li>\n<li>Liturgische Texte:\u00a0 Stundengebet <a href=\"http:\/\/vulgata.info\/index.php?title=Kategorie:Stundenbuch:Jahreskreis:04.Woche:Freitag\">32. Woche im Jahreskreis, Freitag<\/a><\/li>\n<li>&#8222;Nicht der Tod wird mich holen kommen, sondern der liebe Gott.&#8220;<br \/>\n(Theresia von Lisieux)<\/li>\n<\/ul>\n","protected":false},"excerpt":{"rendered":"<p>Ein wichtiges Tagesereignis: In diesem Monat beten wir die Novene f\u00fcr die \u00e4rmste Priesterseele. Ein Wort zum Tage F\u00fcr die Junggebliebenen: Holger und die N\u00e4gel Liturgische Texte:\u00a0 Stundengebet 32. Woche im Jahreskreis, Freitag &#8222;Nicht der Tod wird mich holen kommen, sondern der liebe Gott.&#8220; (Theresia von Lisieux)<\/p>\n","protected":false},"author":2,"featured_media":0,"comment_status":"open","ping_status":"closed","sticky":false,"template":"","format":"standard","meta":{"footnotes":""},"categories":[11],"tags":[],"class_list":["post-484","post","type-post","status-publish","format-standard","hentry","category-maertyrer","has-post-thumbnail"],"_links":{"self":[{"href":"https:\/\/gedenk.jahr.center\/index.php\/wp-json\/wp\/v2\/posts\/484","targetHints":{"allow":["GET"]}}],"collection":[{"href":"https:\/\/gedenk.jahr.center\/index.php\/wp-json\/wp\/v2\/posts"}],"about":[{"href":"https:\/\/gedenk.jahr.center\/index.php\/wp-json\/wp\/v2\/types\/post"}],"author":[{"embeddable":true,"href":"https:\/\/gedenk.jahr.center\/index.php\/wp-json\/wp\/v2\/users\/2"}],"replies":[{"embeddable":true,"href":"https:\/\/gedenk.jahr.center\/index.php\/wp-json\/wp\/v2\/comments?post=484"}],"version-history":[{"count":30,"href":"https:\/\/gedenk.jahr.center\/index.php\/wp-json\/wp\/v2\/posts\/484\/revisions"}],"predecessor-version":[{"id":10216,"href":"https:\/\/gedenk.jahr.center\/index.php\/wp-json\/wp\/v2\/posts\/484\/revisions\/10216"}],"wp:attachment":[{"href":"https:\/\/gedenk.jahr.center\/index.php\/wp-json\/wp\/v2\/media?parent=484"}],"wp:term":[{"taxonomy":"category","embeddable":true,"href":"https:\/\/gedenk.jahr.center\/index.php\/wp-json\/wp\/v2\/categories?post=484"},{"taxonomy":"post_tag","embeddable":true,"href":"https:\/\/gedenk.jahr.center\/index.php\/wp-json\/wp\/v2\/tags?post=484"}],"curies":[{"name":"wp","href":"https:\/\/api.w.org\/{rel}","templated":true}]}}