{"id":488,"date":"2025-11-15T00:01:00","date_gmt":"2025-11-14T23:01:00","guid":{"rendered":"http:\/\/gedenk.jahr.center\/?p=488"},"modified":"2025-07-28T10:31:11","modified_gmt":"2025-07-28T08:31:11","slug":"heiliger-leopold-iii-markgraf-von-oesterreich","status":"publish","type":"post","link":"https:\/\/gedenk.jahr.center\/index.php\/2025\/11\/15\/heiliger-leopold-iii-markgraf-von-oesterreich\/","title":{"rendered":"Heiliger Leopold III., Markgraf von \u00d6sterreich"},"content":{"rendered":"<p><a href=\"https:\/\/gedenk.jahr.center\/wp-content\/uploads\/2016\/11\/Kreuz.jpg\"><img loading=\"lazy\" decoding=\"async\" class=\"alignnone wp-image-2470\" src=\"https:\/\/gedenk.jahr.center\/wp-content\/uploads\/2016\/11\/Kreuz.jpg\" alt=\"kreuz\" width=\"262\" height=\"452\" srcset=\"https:\/\/gedenk.jahr.center\/wp-content\/uploads\/2016\/11\/Kreuz.jpg 593w, https:\/\/gedenk.jahr.center\/wp-content\/uploads\/2016\/11\/Kreuz-300x518.jpg 300w, https:\/\/gedenk.jahr.center\/wp-content\/uploads\/2016\/11\/Kreuz-56x96.jpg 56w\" sizes=\"auto, (max-width: 262px) 100vw, 262px\" \/><\/a><\/p>\n<ul>\n<li>Ein wichtiges Tagesereignis:<br \/>\nIn diesem Monat beten wir die <a href=\"http:\/\/ecclesiae.de\/blog\/?page_id=10748\">Novene f\u00fcr die \u00e4rmste Priesterseele<\/a>.<br \/>\n1. Tag der <a href=\"http:\/\/ecclesiae.de\/blog\/?page_id=10479\">Novene zu Ehren des K\u00f6nigs aller Nationen<\/a><\/li>\n<li><a href=\"https:\/\/ecclesiae.de\/blog\/?p=14066\" target=\"_blank\" rel=\"noopener noreferrer\">Ein Wort zum Tage<\/a><\/li>\n<li>F\u00fcr die Junggebliebenen: <a href=\"https:\/\/kleiner-ritter-der-unbefleckten.de\/?p=316\">Buchstabensalat<\/a><\/li>\n<li>Liturgische Texte:\u00a0 Stundengebet\u00a0 <a href=\"http:\/\/vulgata.info\/index.php?title=Kategorie:Stundenbuch:Jahreskreis:04.Woche:Samstag\">32. Woche im Jahreskreis, Samstag<br \/>\n<\/a><br \/>\n&#8222;Gott, du Urheber allen Guten, du bist unser Herr. Lass uns begreifen, dass wir frei werden, wenn wir uns deinem Willen unterwerfen, und dass wir die vollkommene Freude finden, wenn wir in deinem Dienst treu bleiben. Darum bitten wir durch Jesus Christus.&#8220; (<a href=\"http:\/\/vulgata.info\/index.php\/Kategorie:Stundenbuch:Jahreskreis:01.Woche:Sonntag\">Oration<\/a> aus dem Stundengebet)<\/li>\n<\/ul>\n","protected":false},"excerpt":{"rendered":"<p>Ein wichtiges Tagesereignis: In diesem Monat beten wir die Novene f\u00fcr die \u00e4rmste Priesterseele. 1. Tag der Novene zu Ehren des K\u00f6nigs aller Nationen Ein Wort zum Tage F\u00fcr die Junggebliebenen: Buchstabensalat Liturgische Texte:\u00a0 Stundengebet\u00a0 32. Woche im Jahreskreis, Samstag &#8222;Gott, du Urheber allen Guten, du bist unser Herr. Lass uns begreifen, dass wir frei [&hellip;]<\/p>\n","protected":false},"author":2,"featured_media":0,"comment_status":"open","ping_status":"closed","sticky":false,"template":"","format":"standard","meta":{"footnotes":""},"categories":[32,20],"tags":[],"class_list":["post-488","post","type-post","status-publish","format-standard","hentry","category-familienvater","category-ordensgruender","has-post-thumbnail"],"_links":{"self":[{"href":"https:\/\/gedenk.jahr.center\/index.php\/wp-json\/wp\/v2\/posts\/488","targetHints":{"allow":["GET"]}}],"collection":[{"href":"https:\/\/gedenk.jahr.center\/index.php\/wp-json\/wp\/v2\/posts"}],"about":[{"href":"https:\/\/gedenk.jahr.center\/index.php\/wp-json\/wp\/v2\/types\/post"}],"author":[{"embeddable":true,"href":"https:\/\/gedenk.jahr.center\/index.php\/wp-json\/wp\/v2\/users\/2"}],"replies":[{"embeddable":true,"href":"https:\/\/gedenk.jahr.center\/index.php\/wp-json\/wp\/v2\/comments?post=488"}],"version-history":[{"count":36,"href":"https:\/\/gedenk.jahr.center\/index.php\/wp-json\/wp\/v2\/posts\/488\/revisions"}],"predecessor-version":[{"id":10217,"href":"https:\/\/gedenk.jahr.center\/index.php\/wp-json\/wp\/v2\/posts\/488\/revisions\/10217"}],"wp:attachment":[{"href":"https:\/\/gedenk.jahr.center\/index.php\/wp-json\/wp\/v2\/media?parent=488"}],"wp:term":[{"taxonomy":"category","embeddable":true,"href":"https:\/\/gedenk.jahr.center\/index.php\/wp-json\/wp\/v2\/categories?post=488"},{"taxonomy":"post_tag","embeddable":true,"href":"https:\/\/gedenk.jahr.center\/index.php\/wp-json\/wp\/v2\/tags?post=488"}],"curies":[{"name":"wp","href":"https:\/\/api.w.org\/{rel}","templated":true}]}}