{"id":830,"date":"2026-01-23T00:01:00","date_gmt":"2026-01-22T23:01:00","guid":{"rendered":"http:\/\/gedenk.jahr.center\/?p=830"},"modified":"2026-01-05T13:56:14","modified_gmt":"2026-01-05T12:56:14","slug":"seliger-heinrich-seuse","status":"publish","type":"post","link":"https:\/\/gedenk.jahr.center\/index.php\/2026\/01\/23\/seliger-heinrich-seuse\/","title":{"rendered":"Seliger Heinrich Seuse"},"content":{"rendered":"<figure id=\"attachment_831\" aria-describedby=\"caption-attachment-831\" style=\"width: 250px\" class=\"wp-caption alignnone\"><a href=\"https:\/\/gedenk.jahr.center\/wp-content\/uploads\/2015\/12\/Heinrich_Seuse.jpg\"><img loading=\"lazy\" decoding=\"async\" class=\"wp-image-831 size-full\" src=\"https:\/\/gedenk.jahr.center\/wp-content\/uploads\/2015\/12\/Heinrich_Seuse.jpg\" alt=\"Q.: Joachim Sch\u00e4fer - \u00d6kumenisches Heiligenlexikon\" width=\"250\" height=\"370\" srcset=\"https:\/\/gedenk.jahr.center\/wp-content\/uploads\/2015\/12\/Heinrich_Seuse.jpg 250w, https:\/\/gedenk.jahr.center\/wp-content\/uploads\/2015\/12\/Heinrich_Seuse-65x96.jpg 65w\" sizes=\"auto, (max-width: 250px) 100vw, 250px\" \/><\/a><figcaption id=\"caption-attachment-831\" class=\"wp-caption-text\">Q.: Joachim Sch\u00e4fer &#8211; <a href=\"https:\/\/www.heiligenlexikon.de\">\u00d6kumenisches Heiligenlexikon<\/a><\/figcaption><\/figure>\n<p>\u2022 Ein wichtiges Tagesereignis: Verm\u00e4hlung Mariens<br \/>\n\u2022 <a href=\"https:\/\/ecclesiae.de\/blog\/?p=9752\">Ein Wort zum Tage<\/a><br \/>\n\u2022 Liturgische Texte (Stundengebet <a href=\"http:\/\/vulgata.info\/index.php?title=Kategorie:Stundenbuch:Jahreskreis:02.Woche:Freitag\">2. Woche im Jahreskreis Freitag<\/a> oder sel. <a href=\"http:\/\/vulgata.info\/index.php?title=Heinrich_Seuse\">Heinrich Seuse<\/a>)<\/p>\n<p>&#8222;Jener findet in Gott seine Gelassenheit, der sich bem\u00fcht, der Wahrheit zu entsprechen und sich darum wenig k\u00fcmmert, wie er von den Menschen behandelt oder eingesch\u00e4tzt wird.&#8220; <em>(Sel. Heinrich Seuse)<\/em><\/p>\n","protected":false},"excerpt":{"rendered":"<p>\u2022 Ein wichtiges Tagesereignis: Verm\u00e4hlung Mariens \u2022 Ein Wort zum Tage \u2022 Liturgische Texte (Stundengebet 2. Woche im Jahreskreis Freitag oder sel. Heinrich Seuse) &#8222;Jener findet in Gott seine Gelassenheit, der sich bem\u00fcht, der Wahrheit zu entsprechen und sich darum wenig k\u00fcmmert, wie er von den Menschen behandelt oder eingesch\u00e4tzt wird.&#8220; (Sel. Heinrich Seuse)<\/p>\n","protected":false},"author":2,"featured_media":0,"comment_status":"open","ping_status":"closed","sticky":false,"template":"","format":"standard","meta":{"footnotes":""},"categories":[17,7],"tags":[],"class_list":["post-830","post","type-post","status-publish","format-standard","hentry","category-mystiker","category-priester","has-post-thumbnail"],"_links":{"self":[{"href":"https:\/\/gedenk.jahr.center\/index.php\/wp-json\/wp\/v2\/posts\/830","targetHints":{"allow":["GET"]}}],"collection":[{"href":"https:\/\/gedenk.jahr.center\/index.php\/wp-json\/wp\/v2\/posts"}],"about":[{"href":"https:\/\/gedenk.jahr.center\/index.php\/wp-json\/wp\/v2\/types\/post"}],"author":[{"embeddable":true,"href":"https:\/\/gedenk.jahr.center\/index.php\/wp-json\/wp\/v2\/users\/2"}],"replies":[{"embeddable":true,"href":"https:\/\/gedenk.jahr.center\/index.php\/wp-json\/wp\/v2\/comments?post=830"}],"version-history":[{"count":23,"href":"https:\/\/gedenk.jahr.center\/index.php\/wp-json\/wp\/v2\/posts\/830\/revisions"}],"predecessor-version":[{"id":10315,"href":"https:\/\/gedenk.jahr.center\/index.php\/wp-json\/wp\/v2\/posts\/830\/revisions\/10315"}],"wp:attachment":[{"href":"https:\/\/gedenk.jahr.center\/index.php\/wp-json\/wp\/v2\/media?parent=830"}],"wp:term":[{"taxonomy":"category","embeddable":true,"href":"https:\/\/gedenk.jahr.center\/index.php\/wp-json\/wp\/v2\/categories?post=830"},{"taxonomy":"post_tag","embeddable":true,"href":"https:\/\/gedenk.jahr.center\/index.php\/wp-json\/wp\/v2\/tags?post=830"}],"curies":[{"name":"wp","href":"https:\/\/api.w.org\/{rel}","templated":true}]}}